{"id":500,"date":"2021-11-06T16:42:03","date_gmt":"2021-11-06T15:42:03","guid":{"rendered":"http:\/\/mein.burg-gymnasiumwettin.de\/?p=500"},"modified":"2021-11-06T16:42:08","modified_gmt":"2021-11-06T15:42:08","slug":"kunst-des-bgw-in-der-casa-flora-floristik-alsleben","status":"publish","type":"post","link":"http:\/\/mein.burg-gymnasiumwettin.de\/index.php\/2021\/11\/06\/kunst-des-bgw-in-der-casa-flora-floristik-alsleben\/","title":{"rendered":"KUNST des BGW in der Casa Flora Floristik Alsleben"},"content":{"rendered":"\n<p>Adventausstellung des BGW in Alsleben<\/p>\n\n\n\n<figure class=\"wp-block-image size-large\"><img loading=\"lazy\" decoding=\"async\" width=\"1024\" height=\"1024\" src=\"http:\/\/mein.burg-gymnasiumwettin.de\/wp-content\/uploads\/2021\/11\/IMG_20211106_121506_647-1024x1024.jpg\" alt=\"\" class=\"wp-image-493\" srcset=\"http:\/\/mein.burg-gymnasiumwettin.de\/wp-content\/uploads\/2021\/11\/IMG_20211106_121506_647-1024x1024.jpg 1024w, http:\/\/mein.burg-gymnasiumwettin.de\/wp-content\/uploads\/2021\/11\/IMG_20211106_121506_647-300x300.jpg 300w, http:\/\/mein.burg-gymnasiumwettin.de\/wp-content\/uploads\/2021\/11\/IMG_20211106_121506_647-150x150.jpg 150w, http:\/\/mein.burg-gymnasiumwettin.de\/wp-content\/uploads\/2021\/11\/IMG_20211106_121506_647-768x768.jpg 768w, http:\/\/mein.burg-gymnasiumwettin.de\/wp-content\/uploads\/2021\/11\/IMG_20211106_121506_647.jpg 1080w\" sizes=\"auto, (max-width: 1024px) 100vw, 1024px\" \/><\/figure>\n\n\n\n<p>AB HEUTE!!! Traum-Momente!<\/p>\n\n\n\n<p>Festliche Dekoration, Kaffeegenuss und erlesene Teekreationen plus Kunst von unseren Kunstsch\u00fcler*innen und dem Bernburger K\u00fcnstler Eike Knaul warten in der diesj\u00e4hrigen Adventsausstellung in der Casa Flora Floristik Alsleben auf Besucher, die sich auf die anstehende Weihnachtszeit einstimmen wollen.<\/p>\n\n\n\n<p>ge\u00f6ffnet von : Mo &#8211; Fr von 9.00 &#8211; 18.00Uhr \/ Sa 9.00 &#8211; 17.00Uhr \/ So 14.00 &#8211; 17.00Uhr<\/p>\n\n\n\n<figure class=\"wp-block-gallery columns-3 is-cropped wp-block-gallery-1 is-layout-flex wp-block-gallery-is-layout-flex\"><ul class=\"blocks-gallery-grid\"><li class=\"blocks-gallery-item\"><figure><img loading=\"lazy\" decoding=\"async\" width=\"1080\" height=\"1080\" src=\"http:\/\/mein.burg-gymnasiumwettin.de\/wp-content\/uploads\/2021\/11\/IMG_20211106_121506_685.jpg\" data-id=\"494\" class=\"wp-image-494\" srcset=\"http:\/\/mein.burg-gymnasiumwettin.de\/wp-content\/uploads\/2021\/11\/IMG_20211106_121506_685.jpg 1080w, http:\/\/mein.burg-gymnasiumwettin.de\/wp-content\/uploads\/2021\/11\/IMG_20211106_121506_685-300x300.jpg 300w, http:\/\/mein.burg-gymnasiumwettin.de\/wp-content\/uploads\/2021\/11\/IMG_20211106_121506_685-1024x1024.jpg 1024w, http:\/\/mein.burg-gymnasiumwettin.de\/wp-content\/uploads\/2021\/11\/IMG_20211106_121506_685-150x150.jpg 150w, http:\/\/mein.burg-gymnasiumwettin.de\/wp-content\/uploads\/2021\/11\/IMG_20211106_121506_685-768x768.jpg 768w\" sizes=\"auto, (max-width: 1080px) 100vw, 1080px\" \/><\/figure><\/li><li class=\"blocks-gallery-item\"><figure><img loading=\"lazy\" decoding=\"async\" width=\"1080\" height=\"1080\" src=\"http:\/\/mein.burg-gymnasiumwettin.de\/wp-content\/uploads\/2021\/11\/IMG_20211106_121506_616.jpg\" data-id=\"495\" class=\"wp-image-495\" srcset=\"http:\/\/mein.burg-gymnasiumwettin.de\/wp-content\/uploads\/2021\/11\/IMG_20211106_121506_616.jpg 1080w, http:\/\/mein.burg-gymnasiumwettin.de\/wp-content\/uploads\/2021\/11\/IMG_20211106_121506_616-300x300.jpg 300w, http:\/\/mein.burg-gymnasiumwettin.de\/wp-content\/uploads\/2021\/11\/IMG_20211106_121506_616-1024x1024.jpg 1024w, http:\/\/mein.burg-gymnasiumwettin.de\/wp-content\/uploads\/2021\/11\/IMG_20211106_121506_616-150x150.jpg 150w, http:\/\/mein.burg-gymnasiumwettin.de\/wp-content\/uploads\/2021\/11\/IMG_20211106_121506_616-768x768.jpg 768w\" sizes=\"auto, (max-width: 1080px) 100vw, 1080px\" \/><\/figure><\/li><li class=\"blocks-gallery-item\"><figure><img loading=\"lazy\" decoding=\"async\" width=\"1536\" height=\"2048\" src=\"http:\/\/mein.burg-gymnasiumwettin.de\/wp-content\/uploads\/2021\/11\/IMG-20211105-WA0011.jpg\" data-id=\"498\" class=\"wp-image-498\" srcset=\"http:\/\/mein.burg-gymnasiumwettin.de\/wp-content\/uploads\/2021\/11\/IMG-20211105-WA0011.jpg 1536w, http:\/\/mein.burg-gymnasiumwettin.de\/wp-content\/uploads\/2021\/11\/IMG-20211105-WA0011-225x300.jpg 225w, http:\/\/mein.burg-gymnasiumwettin.de\/wp-content\/uploads\/2021\/11\/IMG-20211105-WA0011-768x1024.jpg 768w, http:\/\/mein.burg-gymnasiumwettin.de\/wp-content\/uploads\/2021\/11\/IMG-20211105-WA0011-1152x1536.jpg 1152w\" sizes=\"auto, (max-width: 1536px) 100vw, 1536px\" \/><\/figure><\/li><li class=\"blocks-gallery-item\"><figure><img loading=\"lazy\" decoding=\"async\" width=\"1200\" height=\"1600\" src=\"http:\/\/mein.burg-gymnasiumwettin.de\/wp-content\/uploads\/2021\/11\/IMG-20211105-WA0002.jpg\" data-id=\"499\" class=\"wp-image-499\" srcset=\"http:\/\/mein.burg-gymnasiumwettin.de\/wp-content\/uploads\/2021\/11\/IMG-20211105-WA0002.jpg 1200w, http:\/\/mein.burg-gymnasiumwettin.de\/wp-content\/uploads\/2021\/11\/IMG-20211105-WA0002-225x300.jpg 225w, http:\/\/mein.burg-gymnasiumwettin.de\/wp-content\/uploads\/2021\/11\/IMG-20211105-WA0002-768x1024.jpg 768w, http:\/\/mein.burg-gymnasiumwettin.de\/wp-content\/uploads\/2021\/11\/IMG-20211105-WA0002-1152x1536.jpg 1152w\" sizes=\"auto, (max-width: 1200px) 100vw, 1200px\" \/><\/figure><\/li><\/ul><\/figure>\n","protected":false},"excerpt":{"rendered":"<p>Adventausstellung des BGW in Alsleben AB HEUTE!!! Traum-Momente! Festliche Dekoration, Kaffeegenuss und erlesene Teekreationen plus Kunst von unseren Kunstsch\u00fcler*innen und dem Bernburger K\u00fcnstler Eike Knaul warten in der diesj\u00e4hrigen Adventsausstellung in der Casa Flora Floristik Alsleben auf Besucher, die sich auf die anstehende Weihnachtszeit einstimmen wollen. ge\u00f6ffnet von : Mo &#8211; Fr von 9.00 &#8211; 18.00Uhr \/ Sa 9.00 &#8211; [&hellip;]<\/p>\n","protected":false},"author":2,"featured_media":493,"comment_status":"closed","ping_status":"","sticky":false,"template":"","format":"standard","meta":{"footnotes":""},"categories":[1],"tags":[],"class_list":["post-500","post","type-post","status-publish","format-standard","has-post-thumbnail","hentry","category-allgemein"],"_links":{"self":[{"href":"http:\/\/mein.burg-gymnasiumwettin.de\/index.php\/wp-json\/wp\/v2\/posts\/500","targetHints":{"allow":["GET"]}}],"collection":[{"href":"http:\/\/mein.burg-gymnasiumwettin.de\/index.php\/wp-json\/wp\/v2\/posts"}],"about":[{"href":"http:\/\/mein.burg-gymnasiumwettin.de\/index.php\/wp-json\/wp\/v2\/types\/post"}],"author":[{"embeddable":true,"href":"http:\/\/mein.burg-gymnasiumwettin.de\/index.php\/wp-json\/wp\/v2\/users\/2"}],"replies":[{"embeddable":true,"href":"http:\/\/mein.burg-gymnasiumwettin.de\/index.php\/wp-json\/wp\/v2\/comments?post=500"}],"version-history":[{"count":1,"href":"http:\/\/mein.burg-gymnasiumwettin.de\/index.php\/wp-json\/wp\/v2\/posts\/500\/revisions"}],"predecessor-version":[{"id":501,"href":"http:\/\/mein.burg-gymnasiumwettin.de\/index.php\/wp-json\/wp\/v2\/posts\/500\/revisions\/501"}],"wp:featuredmedia":[{"embeddable":true,"href":"http:\/\/mein.burg-gymnasiumwettin.de\/index.php\/wp-json\/wp\/v2\/media\/493"}],"wp:attachment":[{"href":"http:\/\/mein.burg-gymnasiumwettin.de\/index.php\/wp-json\/wp\/v2\/media?parent=500"}],"wp:term":[{"taxonomy":"category","embeddable":true,"href":"http:\/\/mein.burg-gymnasiumwettin.de\/index.php\/wp-json\/wp\/v2\/categories?post=500"},{"taxonomy":"post_tag","embeddable":true,"href":"http:\/\/mein.burg-gymnasiumwettin.de\/index.php\/wp-json\/wp\/v2\/tags?post=500"}],"curies":[{"name":"wp","href":"https:\/\/api.w.org\/{rel}","templated":true}]}}