{"id":511,"date":"2021-11-11T07:30:09","date_gmt":"2021-11-11T06:30:09","guid":{"rendered":"http:\/\/mein.burg-gymnasiumwettin.de\/?p=511"},"modified":"2021-11-11T07:30:29","modified_gmt":"2021-11-11T06:30:29","slug":"gedenken-in-groepzig","status":"publish","type":"post","link":"http:\/\/mein.burg-gymnasiumwettin.de\/index.php\/2021\/11\/11\/gedenken-in-groepzig\/","title":{"rendered":"GEDENKEN IN GR\u00d6PZIG"},"content":{"rendered":"\n<p>Sch\u00fcler:innen und Lehrer:innen folgten am 9.11.21 der Einladung nach Gr\u00f6bzig zur Gedenkstunde anl\u00e4sslich der Pogromnacht.<\/p>\n\n\n\n<figure class=\"wp-block-image size-large\"><img loading=\"lazy\" decoding=\"async\" width=\"768\" height=\"768\" src=\"http:\/\/mein.burg-gymnasiumwettin.de\/wp-content\/uploads\/2021\/11\/IMG_20211111_072747_612.jpg\" alt=\"\" class=\"wp-image-505\" srcset=\"http:\/\/mein.burg-gymnasiumwettin.de\/wp-content\/uploads\/2021\/11\/IMG_20211111_072747_612.jpg 768w, http:\/\/mein.burg-gymnasiumwettin.de\/wp-content\/uploads\/2021\/11\/IMG_20211111_072747_612-300x300.jpg 300w, http:\/\/mein.burg-gymnasiumwettin.de\/wp-content\/uploads\/2021\/11\/IMG_20211111_072747_612-150x150.jpg 150w\" sizes=\"auto, (max-width: 768px) 100vw, 768px\" \/><\/figure>\n\n\n\n<p>Gemeinsam mit dem Kooperationspartner \u201eMuseumssynagoge Gr\u00f6bzig\u201c wurden Kerzen aufgestellt und mit eigens durch die Sch\u00fcler im Religionsunterricht verfassten Texten wurde an das j\u00fcdische Leben im s\u00fcdlichen Anhalt erinnert.<br \/>Anschlie\u00dfend beeindruckte die aktuell im Bau befindliche Museumssynagoge mit Sch\u00f6nheit, Geschichte und regionalen Exponaten unsere Sch\u00fcler:innen.<\/p>\n\n\n\n<figure class=\"wp-block-gallery columns-3 is-cropped wp-block-gallery-1 is-layout-flex wp-block-gallery-is-layout-flex\"><ul class=\"blocks-gallery-grid\"><li class=\"blocks-gallery-item\"><figure><img loading=\"lazy\" decoding=\"async\" width=\"1080\" height=\"1080\" src=\"http:\/\/mein.burg-gymnasiumwettin.de\/wp-content\/uploads\/2021\/11\/IMG_20211111_072747_689.jpg\" data-id=\"508\" class=\"wp-image-508\" srcset=\"http:\/\/mein.burg-gymnasiumwettin.de\/wp-content\/uploads\/2021\/11\/IMG_20211111_072747_689.jpg 1080w, http:\/\/mein.burg-gymnasiumwettin.de\/wp-content\/uploads\/2021\/11\/IMG_20211111_072747_689-300x300.jpg 300w, http:\/\/mein.burg-gymnasiumwettin.de\/wp-content\/uploads\/2021\/11\/IMG_20211111_072747_689-1024x1024.jpg 1024w, http:\/\/mein.burg-gymnasiumwettin.de\/wp-content\/uploads\/2021\/11\/IMG_20211111_072747_689-150x150.jpg 150w, http:\/\/mein.burg-gymnasiumwettin.de\/wp-content\/uploads\/2021\/11\/IMG_20211111_072747_689-768x768.jpg 768w\" sizes=\"auto, (max-width: 1080px) 100vw, 1080px\" \/><\/figure><\/li><li class=\"blocks-gallery-item\"><figure><img loading=\"lazy\" decoding=\"async\" width=\"1080\" height=\"1080\" src=\"http:\/\/mein.burg-gymnasiumwettin.de\/wp-content\/uploads\/2021\/11\/IMG_20211111_072747_904.jpg\" data-id=\"507\" class=\"wp-image-507\" srcset=\"http:\/\/mein.burg-gymnasiumwettin.de\/wp-content\/uploads\/2021\/11\/IMG_20211111_072747_904.jpg 1080w, http:\/\/mein.burg-gymnasiumwettin.de\/wp-content\/uploads\/2021\/11\/IMG_20211111_072747_904-300x300.jpg 300w, http:\/\/mein.burg-gymnasiumwettin.de\/wp-content\/uploads\/2021\/11\/IMG_20211111_072747_904-1024x1024.jpg 1024w, http:\/\/mein.burg-gymnasiumwettin.de\/wp-content\/uploads\/2021\/11\/IMG_20211111_072747_904-150x150.jpg 150w, http:\/\/mein.burg-gymnasiumwettin.de\/wp-content\/uploads\/2021\/11\/IMG_20211111_072747_904-768x768.jpg 768w\" sizes=\"auto, (max-width: 1080px) 100vw, 1080px\" \/><\/figure><\/li><li class=\"blocks-gallery-item\"><figure><img loading=\"lazy\" decoding=\"async\" width=\"1080\" height=\"1080\" src=\"http:\/\/mein.burg-gymnasiumwettin.de\/wp-content\/uploads\/2021\/11\/IMG_20211111_072748_090.jpg\" data-id=\"510\" class=\"wp-image-510\" srcset=\"http:\/\/mein.burg-gymnasiumwettin.de\/wp-content\/uploads\/2021\/11\/IMG_20211111_072748_090.jpg 1080w, http:\/\/mein.burg-gymnasiumwettin.de\/wp-content\/uploads\/2021\/11\/IMG_20211111_072748_090-300x300.jpg 300w, http:\/\/mein.burg-gymnasiumwettin.de\/wp-content\/uploads\/2021\/11\/IMG_20211111_072748_090-1024x1024.jpg 1024w, http:\/\/mein.burg-gymnasiumwettin.de\/wp-content\/uploads\/2021\/11\/IMG_20211111_072748_090-150x150.jpg 150w, http:\/\/mein.burg-gymnasiumwettin.de\/wp-content\/uploads\/2021\/11\/IMG_20211111_072748_090-768x768.jpg 768w\" sizes=\"auto, (max-width: 1080px) 100vw, 1080px\" \/><\/figure><\/li><li class=\"blocks-gallery-item\"><figure><img loading=\"lazy\" decoding=\"async\" width=\"1080\" height=\"1080\" src=\"http:\/\/mein.burg-gymnasiumwettin.de\/wp-content\/uploads\/2021\/11\/IMG_20211111_072748_190.jpg\" data-id=\"506\" class=\"wp-image-506\" srcset=\"http:\/\/mein.burg-gymnasiumwettin.de\/wp-content\/uploads\/2021\/11\/IMG_20211111_072748_190.jpg 1080w, http:\/\/mein.burg-gymnasiumwettin.de\/wp-content\/uploads\/2021\/11\/IMG_20211111_072748_190-300x300.jpg 300w, http:\/\/mein.burg-gymnasiumwettin.de\/wp-content\/uploads\/2021\/11\/IMG_20211111_072748_190-1024x1024.jpg 1024w, http:\/\/mein.burg-gymnasiumwettin.de\/wp-content\/uploads\/2021\/11\/IMG_20211111_072748_190-150x150.jpg 150w, http:\/\/mein.burg-gymnasiumwettin.de\/wp-content\/uploads\/2021\/11\/IMG_20211111_072748_190-768x768.jpg 768w\" sizes=\"auto, (max-width: 1080px) 100vw, 1080px\" \/><\/figure><\/li><li class=\"blocks-gallery-item\"><figure><img loading=\"lazy\" decoding=\"async\" width=\"1080\" height=\"1080\" src=\"http:\/\/mein.burg-gymnasiumwettin.de\/wp-content\/uploads\/2021\/11\/IMG_20211111_072747_952.jpg\" data-id=\"509\" class=\"wp-image-509\" srcset=\"http:\/\/mein.burg-gymnasiumwettin.de\/wp-content\/uploads\/2021\/11\/IMG_20211111_072747_952.jpg 1080w, http:\/\/mein.burg-gymnasiumwettin.de\/wp-content\/uploads\/2021\/11\/IMG_20211111_072747_952-300x300.jpg 300w, http:\/\/mein.burg-gymnasiumwettin.de\/wp-content\/uploads\/2021\/11\/IMG_20211111_072747_952-1024x1024.jpg 1024w, http:\/\/mein.burg-gymnasiumwettin.de\/wp-content\/uploads\/2021\/11\/IMG_20211111_072747_952-150x150.jpg 150w, http:\/\/mein.burg-gymnasiumwettin.de\/wp-content\/uploads\/2021\/11\/IMG_20211111_072747_952-768x768.jpg 768w\" sizes=\"auto, (max-width: 1080px) 100vw, 1080px\" \/><\/figure><\/li><\/ul><\/figure>\n\n\n\n<h1 class=\"wp-block-heading\">niewieder #vergissnie<\/h1>\n","protected":false},"excerpt":{"rendered":"<p>Sch\u00fcler:innen und Lehrer:innen folgten am 9.11.21 der Einladung nach Gr\u00f6bzig zur Gedenkstunde anl\u00e4sslich der Pogromnacht. Gemeinsam mit dem Kooperationspartner \u201eMuseumssynagoge Gr\u00f6bzig\u201c wurden Kerzen aufgestellt und mit eigens durch die Sch\u00fcler im Religionsunterricht verfassten Texten wurde an das j\u00fcdische Leben im s\u00fcdlichen Anhalt erinnert.Anschlie\u00dfend beeindruckte die aktuell im Bau befindliche Museumssynagoge mit Sch\u00f6nheit, Geschichte und regionalen Exponaten unsere Sch\u00fcler:innen. niewieder #vergissnie<\/p>\n","protected":false},"author":2,"featured_media":505,"comment_status":"closed","ping_status":"","sticky":false,"template":"","format":"standard","meta":{"footnotes":""},"categories":[1],"tags":[],"class_list":["post-511","post","type-post","status-publish","format-standard","has-post-thumbnail","hentry","category-allgemein"],"_links":{"self":[{"href":"http:\/\/mein.burg-gymnasiumwettin.de\/index.php\/wp-json\/wp\/v2\/posts\/511","targetHints":{"allow":["GET"]}}],"collection":[{"href":"http:\/\/mein.burg-gymnasiumwettin.de\/index.php\/wp-json\/wp\/v2\/posts"}],"about":[{"href":"http:\/\/mein.burg-gymnasiumwettin.de\/index.php\/wp-json\/wp\/v2\/types\/post"}],"author":[{"embeddable":true,"href":"http:\/\/mein.burg-gymnasiumwettin.de\/index.php\/wp-json\/wp\/v2\/users\/2"}],"replies":[{"embeddable":true,"href":"http:\/\/mein.burg-gymnasiumwettin.de\/index.php\/wp-json\/wp\/v2\/comments?post=511"}],"version-history":[{"count":1,"href":"http:\/\/mein.burg-gymnasiumwettin.de\/index.php\/wp-json\/wp\/v2\/posts\/511\/revisions"}],"predecessor-version":[{"id":512,"href":"http:\/\/mein.burg-gymnasiumwettin.de\/index.php\/wp-json\/wp\/v2\/posts\/511\/revisions\/512"}],"wp:featuredmedia":[{"embeddable":true,"href":"http:\/\/mein.burg-gymnasiumwettin.de\/index.php\/wp-json\/wp\/v2\/media\/505"}],"wp:attachment":[{"href":"http:\/\/mein.burg-gymnasiumwettin.de\/index.php\/wp-json\/wp\/v2\/media?parent=511"}],"wp:term":[{"taxonomy":"category","embeddable":true,"href":"http:\/\/mein.burg-gymnasiumwettin.de\/index.php\/wp-json\/wp\/v2\/categories?post=511"},{"taxonomy":"post_tag","embeddable":true,"href":"http:\/\/mein.burg-gymnasiumwettin.de\/index.php\/wp-json\/wp\/v2\/tags?post=511"}],"curies":[{"name":"wp","href":"https:\/\/api.w.org\/{rel}","templated":true}]}}